{"id":716,"date":"2026-08-18T13:27:30","date_gmt":"2026-08-18T16:27:30","guid":{"rendered":"https:\/\/aguaslindasoficial.com.br\/?p=716"},"modified":"2026-09-04T13:27:46","modified_gmt":"2026-09-04T16:27:46","slug":"moraes-libera-visitas-de-carlos-e-jair-renan-a-bolsonaro-apos-suspensao-de-30-dias","status":"publish","type":"post","link":"https:\/\/aguaslindasoficial.com.br\/?p=716","title":{"rendered":"Moraes libera visitas de Carlos e Jair Renan a Bolsonaro ap\u00f3s suspens\u00e3o de 30 dias"},"content":{"rendered":"\n<p class=\"wp-block-paragraph\">Moraes determinou que as visitas n\u00e3o sejam utilizadas para atividades pol\u00edtico-eleitorais ou para a divulga\u00e7\u00e3o de manifestos pol\u00edticos, ainda que esse conte\u00fado seja transmitido por terceiros<br><br><\/p>\n\n\n\n\n\n<p class=\"wp-block-paragraph\">O ex-presidente Jair Bolsonaro poder\u00e1 voltar a receber regularmente os filhos Carlos Bolsonaro e Jair Renan Bolsonaro. A autoriza\u00e7\u00e3o foi concedida nesta sexta-feira, 21, pelo ministro Alexandre de Moraes, do Supremo Tribunal Federal (STF), ap\u00f3s o fim do per\u00edodo de 30 dias de suspens\u00e3o das visitas.<\/p>\n\n\n\n<p class=\"wp-block-paragraph\">Com a decis\u00e3o, Carlos e Jair Renan retornam ao regime permanente de encontros com o pai que j\u00e1 havia sido autorizado anteriormente. A libera\u00e7\u00e3o, no entanto, n\u00e3o altera as demais restri\u00e7\u00f5es impostas ao ex-presidente.<\/p>\n\n\n\n<p class=\"wp-block-paragraph\">Restri\u00e7\u00f5es continuam<br>Moraes determinou que os encontros familiares n\u00e3o poder\u00e3o ser utilizados para atividades de car\u00e1ter pol\u00edtico-eleitoral nem para a divulga\u00e7\u00e3o de manifestos pol\u00edticos de Bolsonaro, inclusive quando o conte\u00fado for posteriormente transmitido por terceiros.<\/p>\n\n\n\n<p class=\"wp-block-paragraph\">As visitas de Carlos e Jair Renan haviam sido suspensas em 17 de julho, ap\u00f3s o descumprimento de uma medida cautelar relacionada \u00e0 pris\u00e3o domiciliar humanit\u00e1ria do ex-presidente.<\/p>\n\n\n\n<p class=\"wp-block-paragraph\">A situa\u00e7\u00e3o de Fl\u00e1vio Bolsonaro \u00e9 diferente. O direito do senador de visitar o pai permanece suspenso por 90 dias.<\/p>\n\n\n\n<p class=\"wp-block-paragraph\">A restri\u00e7\u00e3o foi determinada ap\u00f3s a divulga\u00e7\u00e3o, em 11 de julho, de uma mensagem atribu\u00edda ao ex-presidente em que Bolsonaro manifestava apoio \u00e0 pr\u00e9-candidatura de Fl\u00e1vio \u00e0 Presid\u00eancia da Rep\u00fablica nas elei\u00e7\u00f5es de 2026.<\/p>\n\n\n\n<p class=\"wp-block-paragraph\">A suspens\u00e3o das visitas familiares n\u00e3o atingiu os atendimentos considerados necess\u00e1rios \u00e0 assist\u00eancia de Bolsonaro. Encontros com advogados e atendimentos m\u00e9dicos e fisioterap\u00eauticos continuam autorizados.<\/p>\n","protected":false},"excerpt":{"rendered":"<p>Moraes determinou que as visitas n\u00e3o sejam utilizadas para atividades pol\u00edtico-eleitorais ou para a divulga\u00e7\u00e3o de manifestos pol\u00edticos,<\/p>\n","protected":false},"author":1,"featured_media":718,"comment_status":"open","ping_status":"open","sticky":false,"template":"","format":"standard","meta":{"footnotes":""},"categories":[1],"tags":[],"class_list":["post-716","post","type-post","status-publish","format-standard","has-post-thumbnail","hentry","category-geral"],"_links":{"self":[{"href":"https:\/\/aguaslindasoficial.com.br\/index.php?rest_route=\/wp\/v2\/posts\/716","targetHints":{"allow":["GET"]}}],"collection":[{"href":"https:\/\/aguaslindasoficial.com.br\/index.php?rest_route=\/wp\/v2\/posts"}],"about":[{"href":"https:\/\/aguaslindasoficial.com.br\/index.php?rest_route=\/wp\/v2\/types\/post"}],"author":[{"embeddable":true,"href":"https:\/\/aguaslindasoficial.com.br\/index.php?rest_route=\/wp\/v2\/users\/1"}],"replies":[{"embeddable":true,"href":"https:\/\/aguaslindasoficial.com.br\/index.php?rest_route=%2Fwp%2Fv2%2Fcomments&post=716"}],"version-history":[{"count":1,"href":"https:\/\/aguaslindasoficial.com.br\/index.php?rest_route=\/wp\/v2\/posts\/716\/revisions"}],"predecessor-version":[{"id":719,"href":"https:\/\/aguaslindasoficial.com.br\/index.php?rest_route=\/wp\/v2\/posts\/716\/revisions\/719"}],"wp:featuredmedia":[{"embeddable":true,"href":"https:\/\/aguaslindasoficial.com.br\/index.php?rest_route=\/wp\/v2\/media\/718"}],"wp:attachment":[{"href":"https:\/\/aguaslindasoficial.com.br\/index.php?rest_route=%2Fwp%2Fv2%2Fmedia&parent=716"}],"wp:term":[{"taxonomy":"category","embeddable":true,"href":"https:\/\/aguaslindasoficial.com.br\/index.php?rest_route=%2Fwp%2Fv2%2Fcategories&post=716"},{"taxonomy":"post_tag","embeddable":true,"href":"https:\/\/aguaslindasoficial.com.br\/index.php?rest_route=%2Fwp%2Fv2%2Ftags&post=716"}],"curies":[{"name":"wp","href":"https:\/\/api.w.org\/{rel}","templated":true}]}}