{"id":722,"date":"2026-08-19T13:29:20","date_gmt":"2026-08-19T16:29:20","guid":{"rendered":"https:\/\/aguaslindasoficial.com.br\/?p=722"},"modified":"2026-09-04T13:29:55","modified_gmt":"2026-09-04T16:29:55","slug":"mp-pede-impugnacao-da-candidatura-de-gustavo-rocha-a-vice-de-celina-leao-no-df","status":"publish","type":"post","link":"https:\/\/aguaslindasoficial.com.br\/?p=722","title":{"rendered":"MP pede impugna\u00e7\u00e3o da candidatura de Gustavo Rocha a vice de Celina Le\u00e3o no DF"},"content":{"rendered":"\n<p class=\"wp-block-paragraph\">Minist\u00e9rio P\u00fablico Eleitoral questiona se ex-chefe da Casa Civil continuou exercendo fun\u00e7\u00f5es ligadas ao governo ap\u00f3s deixar oficialmente o cargo para disputar as elei\u00e7\u00f5es.<br><br><\/p>\n\n\n\n<p class=\"wp-block-paragraph\"><\/p>\n\n\n\n<figure class=\"wp-block-image size-large\"><img loading=\"lazy\" decoding=\"async\" width=\"1024\" height=\"645\" src=\"https:\/\/aguaslindasoficial.com.br\/wp-content\/uploads\/2026\/09\/image-1-1024x645.png\" alt=\"\" class=\"wp-image-723\" srcset=\"https:\/\/aguaslindasoficial.com.br\/wp-content\/uploads\/2026\/09\/image-1-1024x645.png 1024w, https:\/\/aguaslindasoficial.com.br\/wp-content\/uploads\/2026\/09\/image-1-300x189.png 300w, https:\/\/aguaslindasoficial.com.br\/wp-content\/uploads\/2026\/09\/image-1-767x483.png 767w, https:\/\/aguaslindasoficial.com.br\/wp-content\/uploads\/2026\/09\/image-1-1536x967.png 1536w, https:\/\/aguaslindasoficial.com.br\/wp-content\/uploads\/2026\/09\/image-1-1023x644.png 1023w, https:\/\/aguaslindasoficial.com.br\/wp-content\/uploads\/2026\/09\/image-1.png 1580w\" sizes=\"auto, (max-width: 1024px) 100vw, 1024px\" \/><\/figure>\n\n\n\n<p class=\"wp-block-paragraph\">O Minist\u00e9rio P\u00fablico Eleitoral (MPE) pediu a impugna\u00e7\u00e3o do registro de candidatura de Gustavo Rocha (Republicanos), vice na chapa da governadora Celina Le\u00e3o (PP) ao Governo do Distrito Federal. A a\u00e7\u00e3o, apresentada nesta sexta-feira, 21, questiona se o ex-chefe da Casa Civil cumpriu efetivamente o prazo de afastamento exigido pela legisla\u00e7\u00e3o eleitoral.<\/p>\n\n\n\n<p class=\"wp-block-paragraph\">Rocha deixou oficialmente o comando da Casa Civil em 2 de abril para disputar as elei\u00e7\u00f5es. O MPE, no entanto, aponta ind\u00edcios de que ele teria continuado a exercer atividades relacionadas ao governo ap\u00f3s a exonera\u00e7\u00e3o. Caso a Justi\u00e7a Eleitoral acolha esse entendimento, o registro da candidatura poder\u00e1 ser negado.<\/p>\n\n\n\n<p class=\"wp-block-paragraph\">O pedido ser\u00e1 analisado pelo Tribunal Regional Eleitoral do Distrito Federal (TRE-DF). At\u00e9 que haja uma decis\u00e3o, Rocha segue candidato.<\/p>\n\n\n\n<h2 class=\"wp-block-heading\">Reuni\u00e3o no STF est\u00e1 no centro da a\u00e7\u00e3o<\/h2>\n\n\n\n<p class=\"wp-block-paragraph\">O principal ponto levantado pelo Minist\u00e9rio P\u00fablico \u00e9 a participa\u00e7\u00e3o de Gustavo Rocha em uma audi\u00eancia realizada no Supremo Tribunal Federal (STF) em 26 de maio, quase dois meses depois de sua sa\u00edda da Casa Civil.<\/p>\n\n\n\n<p class=\"wp-block-paragraph\">O encontro tratou de quest\u00f5es envolvendo o Banco de Bras\u00edlia (BRB) e teve a participa\u00e7\u00e3o de integrantes do Governo do Distrito Federal. Em documenta\u00e7\u00e3o relacionada \u00e0 reuni\u00e3o, Rocha teria sido identificado como representante do governo.<\/p>\n\n\n\n<p class=\"wp-block-paragraph\">Para o MPE, o epis\u00f3dio pode indicar que, apesar da exonera\u00e7\u00e3o formal, Rocha teria continuado desempenhando atribui\u00e7\u00f5es vinculadas ao Executivo do DF.<\/p>\n\n\n\n<p class=\"wp-block-paragraph\">A legisla\u00e7\u00e3o eleitoral estabelece prazos para que ocupantes de determinadas fun\u00e7\u00f5es p\u00fablicas deixem seus cargos antes de concorrer \u00e0s elei\u00e7\u00f5es. A chamada desincompatibiliza\u00e7\u00e3o busca impedir que a posi\u00e7\u00e3o ocupada na administra\u00e7\u00e3o p\u00fablica seja utilizada para gerar vantagem na disputa eleitoral.<\/p>\n\n\n\n<h2 class=\"wp-block-heading\">Rocha diz que participou como advogado de Celina<\/h2>\n\n\n\n<p class=\"wp-block-paragraph\">Gustavo Rocha contesta os argumentos apresentados na a\u00e7\u00e3o. Em posicionamento encaminhado \u00e0 imprensa, afirmou que participou da audi\u00eancia no STF como advogado pessoal de Celina Le\u00e3o, e n\u00e3o como representante do Governo do Distrito Federal.<\/p>\n\n\n\n<p class=\"wp-block-paragraph\">Segundo o candidato, sua identifica\u00e7\u00e3o como representante do governo na documenta\u00e7\u00e3o do encontro teria ocorrido de forma equivocada. Ele tamb\u00e9m informou que solicitou a corre\u00e7\u00e3o do registro.<\/p>\n\n\n\n<p class=\"wp-block-paragraph\">A presen\u00e7a de Rocha na audi\u00eancia n\u00e3o \u00e9 o ponto central da controv\u00e9rsia. Caber\u00e1 \u00e0 Justi\u00e7a Eleitoral avaliar em que condi\u00e7\u00e3o ele participou do encontro e se a atua\u00e7\u00e3o configura continuidade no exerc\u00edcio de fun\u00e7\u00f5es p\u00fablicas ap\u00f3s sua exonera\u00e7\u00e3o.<\/p>\n\n\n\n<h2 class=\"wp-block-heading\">Rocha segue candidato<\/h2>\n\n\n\n<p class=\"wp-block-paragraph\">O pedido de impugna\u00e7\u00e3o apresentado pelo Minist\u00e9rio P\u00fablico n\u00e3o significa que a candidatura de Gustavo Rocha tenha sido barrada. O TRE-DF ainda dever\u00e1 analisar o caso, e a defesa poder\u00e1 apresentar argumentos e documentos para contestar a a\u00e7\u00e3o.<\/p>\n\n\n\n<p class=\"wp-block-paragraph\">Ao final, a Justi\u00e7a Eleitoral poder\u00e1 manter ou negar o registro da candidatura. Eventual decis\u00e3o ainda poder\u00e1 ser questionada em inst\u00e2ncias superiores.<\/p>\n\n\n\n<p class=\"wp-block-paragraph\">O Minist\u00e9rio P\u00fablico tamb\u00e9m pede que, caso Rocha seja eleito antes de uma decis\u00e3o definitiva sobre sua elegibilidade, ele fique impedido de tomar posse at\u00e9 que a controv\u00e9rsia seja julgada.<\/p>\n","protected":false},"excerpt":{"rendered":"<p>Minist\u00e9rio P\u00fablico Eleitoral questiona se ex-chefe da Casa Civil continuou exercendo fun\u00e7\u00f5es ligadas ao governo ap\u00f3s deixar oficialmente<\/p>\n","protected":false},"author":1,"featured_media":723,"comment_status":"open","ping_status":"open","sticky":false,"template":"","format":"standard","meta":{"footnotes":""},"categories":[1],"tags":[],"class_list":["post-722","post","type-post","status-publish","format-standard","has-post-thumbnail","hentry","category-geral"],"_links":{"self":[{"href":"https:\/\/aguaslindasoficial.com.br\/index.php?rest_route=\/wp\/v2\/posts\/722","targetHints":{"allow":["GET"]}}],"collection":[{"href":"https:\/\/aguaslindasoficial.com.br\/index.php?rest_route=\/wp\/v2\/posts"}],"about":[{"href":"https:\/\/aguaslindasoficial.com.br\/index.php?rest_route=\/wp\/v2\/types\/post"}],"author":[{"embeddable":true,"href":"https:\/\/aguaslindasoficial.com.br\/index.php?rest_route=\/wp\/v2\/users\/1"}],"replies":[{"embeddable":true,"href":"https:\/\/aguaslindasoficial.com.br\/index.php?rest_route=%2Fwp%2Fv2%2Fcomments&post=722"}],"version-history":[{"count":1,"href":"https:\/\/aguaslindasoficial.com.br\/index.php?rest_route=\/wp\/v2\/posts\/722\/revisions"}],"predecessor-version":[{"id":724,"href":"https:\/\/aguaslindasoficial.com.br\/index.php?rest_route=\/wp\/v2\/posts\/722\/revisions\/724"}],"wp:featuredmedia":[{"embeddable":true,"href":"https:\/\/aguaslindasoficial.com.br\/index.php?rest_route=\/wp\/v2\/media\/723"}],"wp:attachment":[{"href":"https:\/\/aguaslindasoficial.com.br\/index.php?rest_route=%2Fwp%2Fv2%2Fmedia&parent=722"}],"wp:term":[{"taxonomy":"category","embeddable":true,"href":"https:\/\/aguaslindasoficial.com.br\/index.php?rest_route=%2Fwp%2Fv2%2Fcategories&post=722"},{"taxonomy":"post_tag","embeddable":true,"href":"https:\/\/aguaslindasoficial.com.br\/index.php?rest_route=%2Fwp%2Fv2%2Ftags&post=722"}],"curies":[{"name":"wp","href":"https:\/\/api.w.org\/{rel}","templated":true}]}}