{"id":725,"date":"2026-08-20T13:30:27","date_gmt":"2026-08-20T16:30:27","guid":{"rendered":"https:\/\/aguaslindasoficial.com.br\/?p=725"},"modified":"2026-09-04T13:31:14","modified_gmt":"2026-09-04T16:31:14","slug":"goias-soma-439-mil-criancas-com-obesidade-especialista-alerta-para-danos-ao-coracao","status":"publish","type":"post","link":"https:\/\/aguaslindasoficial.com.br\/?p=725","title":{"rendered":"Goi\u00e1s soma 43,9 mil crian\u00e7as com obesidade; especialista alerta para danos ao cora\u00e7\u00e3o"},"content":{"rendered":"\n<p class=\"wp-block-paragraph\">Dados do Sisvan mostram que 9,34% das crian\u00e7as acompanhadas pela aten\u00e7\u00e3o prim\u00e1ria no estado t\u00eam obesidade<br><br><\/p>\n\n\n\n<figure class=\"wp-block-image size-large\"><img loading=\"lazy\" decoding=\"async\" width=\"1024\" height=\"683\" src=\"https:\/\/aguaslindasoficial.com.br\/wp-content\/uploads\/2026\/09\/image-2-1024x683.png\" alt=\"\" class=\"wp-image-726\" srcset=\"https:\/\/aguaslindasoficial.com.br\/wp-content\/uploads\/2026\/09\/image-2-1024x683.png 1024w, https:\/\/aguaslindasoficial.com.br\/wp-content\/uploads\/2026\/09\/image-2-300x200.png 300w, https:\/\/aguaslindasoficial.com.br\/wp-content\/uploads\/2026\/09\/image-2-768x512.png 768w, https:\/\/aguaslindasoficial.com.br\/wp-content\/uploads\/2026\/09\/image-2-1023x682.png 1023w, https:\/\/aguaslindasoficial.com.br\/wp-content\/uploads\/2026\/09\/image-2.png 1393w\" sizes=\"auto, (max-width: 1024px) 100vw, 1024px\" \/><\/figure>\n\n\n\n<p class=\"wp-block-paragraph\">A obesidade infantil deixou de ser apenas uma preocupa\u00e7\u00e3o relacionada ao peso e passou a representar um importante fator de risco para doen\u00e7as cardiovasculares ainda na inf\u00e2ncia e na vida adulta. Em Goi\u00e1s, 43.900 crian\u00e7as de zero a dez anos acompanhadas pela Aten\u00e7\u00e3o Prim\u00e1ria \u00e0 Sa\u00fade foram classificadas com obesidade em 2025, o equivalente a 9,34% das 469.899 crian\u00e7as avaliadas no estado.<\/p>\n\n\n\n<p class=\"wp-block-paragraph\">Os dados s\u00e3o do Sistema de Vigil\u00e2ncia Alimentar e Nutricional (Sisvan) e refletem um cen\u00e1rio nacional igualmente preocupante. Segundo o levantamento, cerca de 6,4 milh\u00f5es de crian\u00e7as brasileiras menores de 10 anos apresentam excesso de peso, sendo aproximadamente 3,1 milh\u00f5es com obesidade. A condi\u00e7\u00e3o est\u00e1 associada ao aumento do risco de hipertens\u00e3o, colesterol elevado, diabetes tipo 2 e s\u00edndrome metab\u00f3lica.<\/p>\n\n\n\n<p class=\"wp-block-paragraph\">Em entrevista ao&nbsp;<strong>Jornal Op\u00e7\u00e3o<\/strong>, a cardiopediatra Mirna de Sousa afirma que a preven\u00e7\u00e3o come\u00e7a muito antes dos primeiros sinais aparecerem. \u201cEsse \u00e9 um problema que come\u00e7a desde o \u00fatero materno. O controle do peso da crian\u00e7a faz parte de uma programa\u00e7\u00e3o metab\u00f3lica iniciada na gesta\u00e7\u00e3o, por isso o pr\u00e9-natal \u00e9 t\u00e3o importante\u201d, explica.<\/p>\n\n\n\n<h2 class=\"wp-block-heading\"><strong>Aleitamento e alimenta\u00e7\u00e3o definem os primeiros anos<\/strong><\/h2>\n\n\n\n<p class=\"wp-block-paragraph\">Segundo a especialista, o primeiro ano de vida \u00e9 decisivo para reduzir o risco de obesidade futura. Ela destaca que o aleitamento materno exclusivo durante os seis primeiros meses representa uma das principais estrat\u00e9gias de preven\u00e7\u00e3o.<\/p>\n\n\n\n<figure class=\"wp-block-image is-resized\"><img decoding=\"async\" src=\"https:\/\/cdn.jornalopcao.com.br\/assets\/2026\/08\/21181958\/1787336396-mirna_de_sousa_foto-jpg-620x639.webp\" alt=\"\" class=\"wp-image-860052\" style=\"aspect-ratio:0.9702660406885759;width:620px;height:auto\"\/><figcaption class=\"wp-element-caption\">Mirna de Sousa \u00e9 cardiopediatra | Foto: Arquivo Pessoal<\/figcaption><\/figure>\n\n\n\n<p class=\"wp-block-paragraph\">O problema, segundo Mirna, costuma surgir quando alimentos ultraprocessados passam a fazer parte da rotina alimentar ainda muito cedo. \u201cMuito precocemente a gente oferece \u00e0s crian\u00e7as uma alimenta\u00e7\u00e3o pobre em nutrientes e rica em alimentos multiprocessados. Quando isso se associa ao sedentarismo, temos um cen\u00e1rio que favorece a obesidade infantil e uma gera\u00e7\u00e3o de adultos mais doentes\u201d, afirma.<\/p>\n\n\n\n<p class=\"wp-block-paragraph\">A cardiopediatra ressalta que o excesso de peso n\u00e3o condena a crian\u00e7a a desenvolver doen\u00e7as cardiovasculares no futuro. Pelo contr\u00e1rio, a inf\u00e2ncia \u00e9 justamente o per\u00edodo em que mudan\u00e7as de h\u00e1bitos t\u00eam maior capacidade de alterar esse risco. \u201cQuando transformamos o estilo de vida de uma crian\u00e7a com sobrepeso ou obesidade, protegemos essa crian\u00e7a contra doen\u00e7as cardiovasculares, diabetes e outras doen\u00e7as associadas. \u00c9 poss\u00edvel mudar esse destino\u201d, diz.<\/p>\n\n\n\n<p class=\"wp-block-paragraph\">Embora muitos pais procurem sinais vis\u00edveis de alerta, Mirna explica que o acompanhamento peri\u00f3dico \u00e9 mais eficaz do que esperar sintomas aparecerem.<\/p>\n\n\n\n<p class=\"wp-block-paragraph\">Ela afirma que o ganho de peso acontece de forma lenta e progressiva, o que dificulta a percep\u00e7\u00e3o dentro da pr\u00f3pria fam\u00edlia, principalmente quando outros membros tamb\u00e9m est\u00e3o acima do peso. \u201cNingu\u00e9m dorme magrinho e acorda obeso. Toda crian\u00e7a deve ser acompanhada regularmente pelo pediatra, que avalia peso, estatura e a curva de crescimento ao longo do tempo\u201d, destaca.<\/p>\n\n\n\n<p class=\"wp-block-paragraph\">Al\u00e9m do aumento acelerado de peso, a especialista orienta que cansa\u00e7o excessivo durante brincadeiras, sedentarismo e altera\u00e7\u00f5es na press\u00e3o arterial merecem investiga\u00e7\u00e3o m\u00e9dica. Como hipertens\u00e3o e colesterol alto podem n\u00e3o provocar sintomas, a avalia\u00e7\u00e3o cl\u00ednica torna-se fundamental.<\/p>\n\n\n\n<h2 class=\"wp-block-heading\"><strong>Tela virou a \u201cnova rua\u201d<\/strong><\/h2>\n\n\n\n<p class=\"wp-block-paragraph\">Um dos principais fatores apontados pela cardiopediatra para o avan\u00e7o da obesidade infantil \u00e9 o aumento do tempo de tela. Segundo ela, a mudan\u00e7a no comportamento das fam\u00edlias reduziu o espa\u00e7o das brincadeiras ao ar livre e aumentou o sedentarismo entre crian\u00e7as. \u201cAntigamente a crian\u00e7a brincava na rua ou no quintal. Hoje a nova rua \u00e9 a internet. Os pais acreditam que ela est\u00e1 segura dentro de casa, mas ela est\u00e1 parada, deixando de movimentar o corpo\u201d, afirma.<\/p>\n\n\n\n<p class=\"wp-block-paragraph\">Al\u00e9m da redu\u00e7\u00e3o da atividade f\u00edsica, o uso excessivo de telas interfere na qualidade do sono e pode favorecer ansiedade e compuls\u00e3o alimentar, criando um ciclo que dificulta o controle do peso.<\/p>\n\n\n\n<p class=\"wp-block-paragraph\">A recomenda\u00e7\u00e3o \u00e9 que a crian\u00e7a pratique algum tipo de movimento diariamente, seja em atividades organizadas, como esportes e dan\u00e7a, ou em brincadeiras simples com a fam\u00edlia em parques e \u00e1reas abertas.<\/p>\n\n\n\n<h2 class=\"wp-block-heading\"><strong>Mudan\u00e7a precisa envolver toda a fam\u00edlia<\/strong><\/h2>\n\n\n\n<p class=\"wp-block-paragraph\">Para Mirna, n\u00e3o existe tratamento eficaz para obesidade infantil quando apenas a crian\u00e7a muda a rotina. Os h\u00e1bitos alimentares e de lazer precisam ser compartilhados por toda a fam\u00edlia. \u201cA crian\u00e7a \u00e9 fruto da fam\u00edlia. A gente n\u00e3o consegue mudar o h\u00e1bito de uma crian\u00e7a se esse h\u00e1bito for diferente da pr\u00f3pria fam\u00edlia\u201d, afirma.<\/p>\n\n\n\n<p class=\"wp-block-paragraph\">Entre as orienta\u00e7\u00f5es est\u00e3o reduzir a presen\u00e7a de alimentos ultraprocessados em casa, estimular atividades f\u00edsicas nos finais de semana e estabelecer regras claras para o uso de telas por todos os membros da fam\u00edlia.<\/p>\n\n\n\n<p class=\"wp-block-paragraph\">A cardiopediatra defende que pequenas mudan\u00e7as na rotina podem produzir benef\u00edcios duradouros para a sa\u00fade cardiovascular das crian\u00e7as. Ela cita refei\u00e7\u00f5es preparadas em casa, participa\u00e7\u00e3o dos filhos no preparo dos alimentos e momentos de lazer sem aparelhos eletr\u00f4nicos. \u201cMomentos de refei\u00e7\u00e3o, todo mundo junto. Envolver a crian\u00e7a em lavar verduras, frutas, preparar os alimentos. E trocar a tela por caminhada, bola, peteca, brincadeiras ao ar livre. S\u00e3o pequenas coisas cujo reflexo ao longo do tempo \u00e9 fant\u00e1stico\u201d, conclui.<\/p>\n\n\n\n<p class=\"wp-block-paragraph\">Na pr\u00e1tica, essa mudan\u00e7a j\u00e1 faz parte da rotina da servidora p\u00fablica Djully Caroline Cunha, m\u00e3e de Henrique, de um ano. Com orienta\u00e7\u00e3o da pediatra, ela registra os alimentos oferecidos ao filho e procura variar frutas, legumes e verduras conforme a disponibilidade nas feiras. Para facilitar os dias mais corridos, a fam\u00edlia tamb\u00e9m prepara e congela por\u00e7\u00f5es caseiras.<\/p>\n\n\n\n<p class=\"wp-block-paragraph\">Segundo a especialista, cuidar da sa\u00fade cardiovascular come\u00e7a nos primeiros anos de vida e pode reduzir significativamente o risco de doen\u00e7as que normalmente se manifestariam apenas na fase adulta.<\/p>\n","protected":false},"excerpt":{"rendered":"<p>Dados do Sisvan mostram que 9,34% das crian\u00e7as acompanhadas pela aten\u00e7\u00e3o prim\u00e1ria no estado t\u00eam obesidade A obesidade<\/p>\n","protected":false},"author":1,"featured_media":726,"comment_status":"open","ping_status":"open","sticky":false,"template":"","format":"standard","meta":{"footnotes":""},"categories":[1],"tags":[],"class_list":["post-725","post","type-post","status-publish","format-standard","has-post-thumbnail","hentry","category-geral"],"_links":{"self":[{"href":"https:\/\/aguaslindasoficial.com.br\/index.php?rest_route=\/wp\/v2\/posts\/725","targetHints":{"allow":["GET"]}}],"collection":[{"href":"https:\/\/aguaslindasoficial.com.br\/index.php?rest_route=\/wp\/v2\/posts"}],"about":[{"href":"https:\/\/aguaslindasoficial.com.br\/index.php?rest_route=\/wp\/v2\/types\/post"}],"author":[{"embeddable":true,"href":"https:\/\/aguaslindasoficial.com.br\/index.php?rest_route=\/wp\/v2\/users\/1"}],"replies":[{"embeddable":true,"href":"https:\/\/aguaslindasoficial.com.br\/index.php?rest_route=%2Fwp%2Fv2%2Fcomments&post=725"}],"version-history":[{"count":1,"href":"https:\/\/aguaslindasoficial.com.br\/index.php?rest_route=\/wp\/v2\/posts\/725\/revisions"}],"predecessor-version":[{"id":727,"href":"https:\/\/aguaslindasoficial.com.br\/index.php?rest_route=\/wp\/v2\/posts\/725\/revisions\/727"}],"wp:featuredmedia":[{"embeddable":true,"href":"https:\/\/aguaslindasoficial.com.br\/index.php?rest_route=\/wp\/v2\/media\/726"}],"wp:attachment":[{"href":"https:\/\/aguaslindasoficial.com.br\/index.php?rest_route=%2Fwp%2Fv2%2Fmedia&parent=725"}],"wp:term":[{"taxonomy":"category","embeddable":true,"href":"https:\/\/aguaslindasoficial.com.br\/index.php?rest_route=%2Fwp%2Fv2%2Fcategories&post=725"},{"taxonomy":"post_tag","embeddable":true,"href":"https:\/\/aguaslindasoficial.com.br\/index.php?rest_route=%2Fwp%2Fv2%2Ftags&post=725"}],"curies":[{"name":"wp","href":"https:\/\/api.w.org\/{rel}","templated":true}]}}