{"id":728,"date":"2026-08-21T13:31:55","date_gmt":"2026-08-21T16:31:55","guid":{"rendered":"https:\/\/aguaslindasoficial.com.br\/?p=728"},"modified":"2026-09-04T13:32:27","modified_gmt":"2026-09-04T16:32:27","slug":"conheca-o-passaro-das-nove-cores-ave-do-himalaia-que-viralizou-pela-plumagem-multicolorida","status":"publish","type":"post","link":"https:\/\/aguaslindasoficial.com.br\/?p=728","title":{"rendered":"Conhe\u00e7a o \u2018p\u00e1ssaro das nove cores\u2019, ave do Himalaia que viralizou pela plumagem multicolorida"},"content":{"rendered":"\n<p class=\"wp-block-paragraph\">Imagem que ganhou repercuss\u00e3o foi registrada em janeiro pelo fot\u00f3grafo de vida selvagem Sudhir Hasamnis, conhecido pelo trabalho dedicado ao registro de aves e outros animais<br><br><\/p>\n\n\n\n<figure class=\"wp-block-image size-large\"><img loading=\"lazy\" decoding=\"async\" width=\"1024\" height=\"575\" src=\"https:\/\/aguaslindasoficial.com.br\/wp-content\/uploads\/2026\/09\/image-3-1024x575.png\" alt=\"\" class=\"wp-image-729\" srcset=\"https:\/\/aguaslindasoficial.com.br\/wp-content\/uploads\/2026\/09\/image-3-1024x575.png 1024w, https:\/\/aguaslindasoficial.com.br\/wp-content\/uploads\/2026\/09\/image-3-300x169.png 300w, https:\/\/aguaslindasoficial.com.br\/wp-content\/uploads\/2026\/09\/image-3-1536x863.png 1536w, https:\/\/aguaslindasoficial.com.br\/wp-content\/uploads\/2026\/09\/image-3-1023x575.png 1023w, https:\/\/aguaslindasoficial.com.br\/wp-content\/uploads\/2026\/09\/image-3-767x431.png 767w, https:\/\/aguaslindasoficial.com.br\/wp-content\/uploads\/2026\/09\/image-3.png 1600w\" sizes=\"auto, (max-width: 1024px) 100vw, 1024px\" \/><\/figure>\n\n\n\n<p class=\"wp-block-paragraph\">Uma ave de apar\u00eancia exuberante chamou a aten\u00e7\u00e3o nas redes sociais nos \u00faltimos dias por causa da variedade de cores de sua plumagem. Com penas que refletem tons intensos de roxo, azul, verde, dourado e laranja, o monal-do-Himalaia ficou conhecido popularmente como \u201cp\u00e1ssaro das nove cores\u201d. A esp\u00e9cie \u00e9 encontrada principalmente em \u00e1reas montanhosas da \u00c1sia.<\/p>\n\n\n\n<p class=\"wp-block-paragraph\">A imagem que ganhou repercuss\u00e3o foi registrada em janeiro pelo fot\u00f3grafo de vida selvagem Sudhir Hasamnis, conhecido pelo trabalho dedicado ao registro de aves e outros animais. A fotografia foi compartilhada em seu perfil no Instagram, onde ele publica conte\u00fados relacionados \u00e0 observa\u00e7\u00e3o e \u00e0 conserva\u00e7\u00e3o da fauna. Hasamnis vive em Pune, na \u00cdndia.<\/p>\n\n\n\n<p class=\"wp-block-paragraph\">Nativo das regi\u00f5es montanhosas do Himalaia, o monal-do-Himalaia se destaca principalmente pela apar\u00eancia dos machos. Eles apresentam uma combina\u00e7\u00e3o de cores met\u00e1licas que pode variar entre azul, verde, roxo, dourado e alaranjado, criando um efeito que muda conforme a incid\u00eancia da luz.<\/p>\n\n\n\n<p class=\"wp-block-paragraph\">Esse aspecto multicolorido n\u00e3o depende apenas de pigmentos presentes nas penas. A pr\u00f3pria estrutura microsc\u00f3pica da plumagem interfere na maneira como a luz \u00e9 refletida, dando origem ao efeito de iridesc\u00eancia respons\u00e1vel pelas diferentes tonalidades observadas.<\/p>\n\n\n\n<p class=\"wp-block-paragraph\">O trabalho de Hasamnis tamb\u00e9m j\u00e1 recebeu reconhecimento na \u00cdndia. O fot\u00f3grafo entrou para o India Book of Records ap\u00f3s manter uma sequ\u00eancia de publica\u00e7\u00f5es dedicadas \u00e0 fotografia de vida selvagem por v\u00e1rios dias consecutivos.<\/p>\n\n\n\n<p class=\"wp-block-paragraph\">Al\u00e9m de chamar aten\u00e7\u00e3o pela apar\u00eancia, o monal-do-Himalaia possui import\u00e2ncia simb\u00f3lica na regi\u00e3o e \u00e9 considerado a ave nacional do Nepal. Embora a esp\u00e9cie n\u00e3o esteja classificada como globalmente amea\u00e7ada, encontr\u00e1-la em seu ambiente natural pode ser uma tarefa dif\u00edcil, principalmente por viver em regi\u00f5es montanhosas de acesso complicado e por apresentar comportamento arisco.<\/p>\n","protected":false},"excerpt":{"rendered":"<p>Imagem que ganhou repercuss\u00e3o foi registrada em janeiro pelo fot\u00f3grafo de vida selvagem Sudhir Hasamnis, conhecido pelo trabalho<\/p>\n","protected":false},"author":1,"featured_media":729,"comment_status":"open","ping_status":"open","sticky":false,"template":"","format":"standard","meta":{"footnotes":""},"categories":[1],"tags":[],"class_list":["post-728","post","type-post","status-publish","format-standard","has-post-thumbnail","hentry","category-geral"],"_links":{"self":[{"href":"https:\/\/aguaslindasoficial.com.br\/index.php?rest_route=\/wp\/v2\/posts\/728","targetHints":{"allow":["GET"]}}],"collection":[{"href":"https:\/\/aguaslindasoficial.com.br\/index.php?rest_route=\/wp\/v2\/posts"}],"about":[{"href":"https:\/\/aguaslindasoficial.com.br\/index.php?rest_route=\/wp\/v2\/types\/post"}],"author":[{"embeddable":true,"href":"https:\/\/aguaslindasoficial.com.br\/index.php?rest_route=\/wp\/v2\/users\/1"}],"replies":[{"embeddable":true,"href":"https:\/\/aguaslindasoficial.com.br\/index.php?rest_route=%2Fwp%2Fv2%2Fcomments&post=728"}],"version-history":[{"count":1,"href":"https:\/\/aguaslindasoficial.com.br\/index.php?rest_route=\/wp\/v2\/posts\/728\/revisions"}],"predecessor-version":[{"id":730,"href":"https:\/\/aguaslindasoficial.com.br\/index.php?rest_route=\/wp\/v2\/posts\/728\/revisions\/730"}],"wp:featuredmedia":[{"embeddable":true,"href":"https:\/\/aguaslindasoficial.com.br\/index.php?rest_route=\/wp\/v2\/media\/729"}],"wp:attachment":[{"href":"https:\/\/aguaslindasoficial.com.br\/index.php?rest_route=%2Fwp%2Fv2%2Fmedia&parent=728"}],"wp:term":[{"taxonomy":"category","embeddable":true,"href":"https:\/\/aguaslindasoficial.com.br\/index.php?rest_route=%2Fwp%2Fv2%2Fcategories&post=728"},{"taxonomy":"post_tag","embeddable":true,"href":"https:\/\/aguaslindasoficial.com.br\/index.php?rest_route=%2Fwp%2Fv2%2Ftags&post=728"}],"curies":[{"name":"wp","href":"https:\/\/api.w.org\/{rel}","templated":true}]}}