{"id":735,"date":"2026-08-23T13:36:14","date_gmt":"2026-08-23T16:36:14","guid":{"rendered":"https:\/\/aguaslindasoficial.com.br\/?p=735"},"modified":"2026-09-04T13:37:13","modified_gmt":"2026-09-04T16:37:13","slug":"flavio-bolsonaro-aparece-de-sunga-e-faixa-presidencial-em-video-com-ia-e-vira-assunto-nas-redes","status":"publish","type":"post","link":"https:\/\/aguaslindasoficial.com.br\/?p=735","title":{"rendered":"Fl\u00e1vio Bolsonaro aparece de sunga e faixa presidencial em v\u00eddeo com IA e vira assunto nas redes"},"content":{"rendered":"\n<p class=\"wp-block-paragraph\">Candidato \u00e0 Presid\u00eancia brincou com a pr\u00f3pria apar\u00eancia na produ\u00e7\u00e3o; est\u00e9tica do v\u00eddeo foi comparada por internautas aos materiais de GTA 6<br><br><\/p>\n\n\n\n<figure class=\"wp-block-image size-large\"><img loading=\"lazy\" decoding=\"async\" width=\"1024\" height=\"589\" src=\"https:\/\/aguaslindasoficial.com.br\/wp-content\/uploads\/2026\/09\/image-4-1024x589.png\" alt=\"\" class=\"wp-image-736\" srcset=\"https:\/\/aguaslindasoficial.com.br\/wp-content\/uploads\/2026\/09\/image-4-1024x589-1.png 1024w, https:\/\/aguaslindasoficial.com.br\/wp-content\/uploads\/2026\/09\/image-4-300x173.png 300w, https:\/\/aguaslindasoficial.com.br\/wp-content\/uploads\/2026\/09\/image-4-766x441.png 766w, https:\/\/aguaslindasoficial.com.br\/wp-content\/uploads\/2026\/09\/image-4.png 1526w\" sizes=\"auto, (max-width: 1024px) 100vw, 1024px\" \/><\/figure>\n\n\n\n<p class=\"wp-block-paragraph\">O candidato \u00e0 Presid\u00eancia da Rep\u00fablica Fl\u00e1vio Bolsonaro (PL) chamou aten\u00e7\u00e3o nas redes sociais ao compartilhar um v\u00eddeo produzido com intelig\u00eancia artificial (IA) em que aparece de sunga branca, sem camisa e usando a faixa presidencial. A publica\u00e7\u00e3o, feita no s\u00e1bado, 14, continuou repercutindo nesta quarta-feira, 19, principalmente pelas compara\u00e7\u00f5es feitas por internautas com a est\u00e9tica de Grand Theft Auto VI (GTA 6).<\/p>\n\n\n\n<p class=\"wp-block-paragraph\">Na produ\u00e7\u00e3o, uma vers\u00e3o digital de Fl\u00e1vio aparece em um ambiente tropical, segurando uma lata. Ao fundo, \u00e9 poss\u00edvel observar uma constru\u00e7\u00e3o com o nome \u201cThe Atoll\u201d. A combina\u00e7\u00e3o entre cen\u00e1rio, cores e estilo da imagem levou usu\u00e1rios das redes sociais a relacionarem o conte\u00fado \u00e0s pe\u00e7as promocionais do jogo da Rockstar Games.<\/p>\n\n\n\n<p class=\"wp-block-paragraph\">O pr\u00f3prio candidato entrou na brincadeira ao compartilhar o material no X, antigo Twitter. \u201cEssa IA me deu uma prejudicada. N\u00e3o comentem!\u201d, escreveu.<\/p>\n\n\n\n<h3 class=\"wp-block-heading\">Refer\u00eancia a GTA 6 movimenta coment\u00e1rios<\/h3>\n\n\n\n<p class=\"wp-block-paragraph\">A associa\u00e7\u00e3o com GTA 6 ganhou espa\u00e7o entre os coment\u00e1rios da publica\u00e7\u00e3o. Usu\u00e1rios apontaram semelhan\u00e7as entre a composi\u00e7\u00e3o do v\u00eddeo e a identidade visual utilizada para divulgar o novo t\u00edtulo da franquia Grand Theft Auto.<\/p>\n\n\n\n<p class=\"wp-block-paragraph\">A publica\u00e7\u00e3o ocorre em um momento de grande aten\u00e7\u00e3o do p\u00fablico ao jogo e utiliza uma linguagem que mistura intelig\u00eancia artificial, humor e refer\u00eancias da cultura digital.<\/p>\n\n\n\n<p class=\"wp-block-paragraph\">N\u00e3o houve, no entanto, confirma\u00e7\u00e3o de que a produ\u00e7\u00e3o tenha sido criada oficialmente com a inten\u00e7\u00e3o de reproduzir a est\u00e9tica de GTA 6. A compara\u00e7\u00e3o surgiu principalmente entre usu\u00e1rios que repercutiram o conte\u00fado nas redes sociais.<\/p>\n\n\n\n<figure class=\"wp-block-image is-resized\"><img decoding=\"async\" src=\"https:\/\/cdn.jornalopcao.com.br\/assets\/2026\/08\/19221149\/1787177508-captura-de-tela-2026-08-19-as-19-11-29-620x872.webp\" alt=\"Captura de Tela 2026-08-19 \u00e0s 19.11.29\" style=\"aspect-ratio:0.7110091743119266;width:620px;height:auto\"\/><figcaption class=\"wp-element-caption\">Publica\u00e7\u00e3o na rede X de Fl\u00e1vio Bolsonaro | Foto: Captura de tela<\/figcaption><\/figure>\n","protected":false},"excerpt":{"rendered":"<p>Candidato \u00e0 Presid\u00eancia brincou com a pr\u00f3pria apar\u00eancia na produ\u00e7\u00e3o; est\u00e9tica do v\u00eddeo foi comparada por internautas aos<\/p>\n","protected":false},"author":1,"featured_media":736,"comment_status":"open","ping_status":"open","sticky":false,"template":"","format":"standard","meta":{"footnotes":""},"categories":[1],"tags":[],"class_list":["post-735","post","type-post","status-publish","format-standard","has-post-thumbnail","hentry","category-geral"],"_links":{"self":[{"href":"https:\/\/aguaslindasoficial.com.br\/index.php?rest_route=\/wp\/v2\/posts\/735","targetHints":{"allow":["GET"]}}],"collection":[{"href":"https:\/\/aguaslindasoficial.com.br\/index.php?rest_route=\/wp\/v2\/posts"}],"about":[{"href":"https:\/\/aguaslindasoficial.com.br\/index.php?rest_route=\/wp\/v2\/types\/post"}],"author":[{"embeddable":true,"href":"https:\/\/aguaslindasoficial.com.br\/index.php?rest_route=\/wp\/v2\/users\/1"}],"replies":[{"embeddable":true,"href":"https:\/\/aguaslindasoficial.com.br\/index.php?rest_route=%2Fwp%2Fv2%2Fcomments&post=735"}],"version-history":[{"count":1,"href":"https:\/\/aguaslindasoficial.com.br\/index.php?rest_route=\/wp\/v2\/posts\/735\/revisions"}],"predecessor-version":[{"id":737,"href":"https:\/\/aguaslindasoficial.com.br\/index.php?rest_route=\/wp\/v2\/posts\/735\/revisions\/737"}],"wp:featuredmedia":[{"embeddable":true,"href":"https:\/\/aguaslindasoficial.com.br\/index.php?rest_route=\/wp\/v2\/media\/736"}],"wp:attachment":[{"href":"https:\/\/aguaslindasoficial.com.br\/index.php?rest_route=%2Fwp%2Fv2%2Fmedia&parent=735"}],"wp:term":[{"taxonomy":"category","embeddable":true,"href":"https:\/\/aguaslindasoficial.com.br\/index.php?rest_route=%2Fwp%2Fv2%2Fcategories&post=735"},{"taxonomy":"post_tag","embeddable":true,"href":"https:\/\/aguaslindasoficial.com.br\/index.php?rest_route=%2Fwp%2Fv2%2Ftags&post=735"}],"curies":[{"name":"wp","href":"https:\/\/api.w.org\/{rel}","templated":true}]}}